[{"@context":"https:\/\/schema.org\/","@type":"Article","@id":"https:\/\/www.elasko.cz\/chrante-sve-deti-pred-sluncem\/#Article","mainEntityOfPage":"https:\/\/www.elasko.cz\/chrante-sve-deti-pred-sluncem\/","headline":"Chra\u0148te sv\u00e9 d\u011bti p\u0159ed sluncem","name":"Chra\u0148te sv\u00e9 d\u011bti p\u0159ed sluncem","description":"Horko a l\u00e9to p\u0159\u00edmo vyb\u00edzej\u00ed v\u0161echny lidi k \u00fat\u011bku na koupali\u0161t\u011b. Je to snad nejnav\u0161t\u011bvovan\u011bj\u0161\u00ed m\u00edsto ve m\u011bstech, proto\u017ee n\u00e1m...","datePublished":"2021-12-24","dateModified":"2023-05-09","author":{"@type":"Person","@id":"https:\/\/www.elasko.cz\/author\/#Person","name":"","url":"https:\/\/www.elasko.cz\/author\/","identifier":1,"image":{"@type":"ImageObject","@id":"https:\/\/secure.gravatar.com\/avatar\/8ee00db67df6a380981db2e33f97d2fa79637c4880a83f2a0ac4c29b5bb179e1?s=96&d=mm&r=g","url":"https:\/\/secure.gravatar.com\/avatar\/8ee00db67df6a380981db2e33f97d2fa79637c4880a83f2a0ac4c29b5bb179e1?s=96&d=mm&r=g","height":96,"width":96}},"publisher":{"@type":"Organization","name":"elasko.cz","logo":{"@type":"ImageObject","@id":"\/logo.png","url":"\/logo.png","width":600,"height":60}},"image":{"@type":"ImageObject","@id":"https:\/\/www.elasko.cz\/wp-content\/uploads\/pexels-pixabay-52546.jpg","url":"https:\/\/www.elasko.cz\/wp-content\/uploads\/pexels-pixabay-52546.jpg","height":0,"width":0},"url":"https:\/\/www.elasko.cz\/chrante-sve-deti-pred-sluncem\/","about":["Lifestyle"],"wordCount":454,"articleBody":"Horko a l\u00e9to p\u0159\u00edmo vyb\u00edzej\u00ed v\u0161echny lidi k \u00fat\u011bku na koupali\u0161t\u011b. Je to snad nejnav\u0161t\u011bvovan\u011bj\u0161\u00ed m\u00edsto ve m\u011bstech, proto\u017ee n\u00e1m poskytuje tolik pot\u0159ebn\u00e9 osv\u011b\u017een\u00ed. Hlavn\u011b mal\u00e9 d\u011bti sn\u00e1\u0161\u00ed horka \u0161patn\u011b, a proto je vhodn\u00e9 je br\u00e1t do baz\u00e9nu, aby horka sn\u00e1\u0161ely l\u00e9pe. Ot\u00e1zkou ov\u0161em z\u016fst\u00e1v\u00e1, jak je ochr\u00e1nit proti \u0161kodliv\u00e9mu UV z\u00e1\u0159en\u00ed. Mal\u00e9 d\u011bti jsou vysoce n\u00e1chyln\u00e9 k pop\u00e1lenin\u00e1m od slune\u010dn\u00edch paprsk\u016f.Kr\u00e9mNej\u010dast\u011bj\u0161\u00ed ochranou p\u0159e sp\u00e1len\u00edm jsou klasicky kr\u00e9my a spreje, p\u0159\u00edpadn\u011b p\u011bny, kter\u00e9 dnes se\u017eenete doslova na ka\u017ed\u00e9m rohu. V ka\u017ed\u00e9 drogerii najdete mnoho p\u0159\u00edpravk\u016f r\u016fzn\u00fdch zna\u010dek, ale ty nejkvalitn\u011bj\u0161\u00ed kousky najdete v l\u00e9k\u00e1rn\u00e1ch. Jsou sice dra\u017e\u0161\u00ed, ale rozhodn\u011b se do t\u00e9to v\u011bci vyplat\u00ed investovat. A to plat\u00ed nejen pro d\u011bti, ale i pro dosp\u011bl\u00e9. B\u011bhem l\u00e9ta nav\u00edc l\u00e9k\u00e1rny i r\u016fzn\u00e9 e-shopy m\u00edvaj\u00ed akce na vybran\u00e9 v\u00fdrobce, a m\u016f\u017eete tak u\u0161et\u0159it nemal\u00e9 pen\u00edze.UV oble\u010den\u00edNev\u00fdhodou kr\u00e9mu je, \u017ee se mus\u00ed aplikovat po ka\u017ed\u00e9m styku s vodou, co\u017e hodn\u011b lid\u00ed zapom\u00edn\u00e1. V\u00fdsledkem jsou potom sp\u00e1len\u00e1 z\u00e1da, kter\u00e1 se obt\u00ed\u017en\u011b l\u00e9\u010d\u00ed. Pravideln\u011b sp\u00e1len\u00e1 k\u016f\u017ee nav\u00edc m\u016f\u017ee vy\u00fastit v rakovinu k\u016f\u017ee. Co se t\u00fd\u010de zejm\u00e9na mal\u00fdch d\u011bt\u00ed, posledn\u00edm hitem ochrany p\u0159ed paprsky jsou UV overaly \u010di jednotliv\u00e9 kusy oble\u010den\u00ed. Prod\u00e1vaj\u00ed se ve sportovn\u00edch pot\u0159eb\u00e1ch i v obchodech s oble\u010den\u00edm, pro kluky i pro holky. Skv\u011blou v\u011bc\u00ed je, \u017ee je prost\u011b d\u00edt\u011bti oble\u010dete, a u\u017e se o nic nemus\u00edte starat. Krom\u011b maz\u00e1n\u00ed kr\u00e9mu na obli\u010dej a nekryt\u00e1 m\u00edsta jako jsou holen\u011b, ty se ale spaluj\u00ed nejm\u00e9n\u011b.Pokr\u00fdvka hlavy a br\u00fdleMal\u00e9 d\u011bti v\u011bt\u0161inou nesn\u00e1\u0161\u00ed dob\u0159e ani pokr\u00fdvku hlavy, ani slune\u010dn\u00ed br\u00fdle. Od miminek ale d\u00edt\u011b mus\u00ed m\u00edt v horku pokr\u00fdvku hlavy, i kdy\u017e se mu to moc nel\u00edb\u00ed. V\u011bt\u0161\u00ed d\u011bti u\u017e sn\u00e1\u0161\u00ed i slune\u010dn\u00ed br\u00fdle, kter\u00e9 by m\u011bly b\u00fdt sou\u010d\u00e1st\u00ed va\u0161\u00ed pl\u00e1\u017eov\u00e9 ta\u0161ky.Ochrana p\u0159ed sluncem nen\u00ed slo\u017eit\u00e1, chce to na ni myslet d\u016fsledn\u011b, a pravideln\u011b kontrolovat namaz\u00e1n\u00ed. Jedin\u011b tak se od mo\u0159e nebo z koupali\u0161t\u011b vr\u00e1t\u00edte v\u0161ichni bez zdravotn\u00edch komplikac\u00ed.                                                                                                                                                                                                                                                                                                                                                                                        4\/5 - (7 votes)        "},{"@context":"https:\/\/schema.org\/","@type":"BreadcrumbList","itemListElement":[{"@type":"ListItem","position":1,"name":"Chra\u0148te sv\u00e9 d\u011bti p\u0159ed sluncem","item":"https:\/\/www.elasko.cz\/chrante-sve-deti-pred-sluncem\/#breadcrumbitem"}]}]