{"@context":"https:\/\/schema.org\/","@type":"CollectionPage","@id":"https:\/\/www.elasko.cz\/nezarazene\/#CollectionPage","headline":"Neza\u0159azen\u00e9 Category","description":"","url":"https:\/\/www.elasko.cz\/nezarazene\/","hasPart":[{"@type":"Article","@id":"https:\/\/www.elasko.cz\/stavime-pasivni-dum\/","headline":"Stav\u00edme pasivn\u00ed d\u016fm","url":"https:\/\/www.elasko.cz\/stavime-pasivni-dum\/","datePublished":"2024-07-27","dateModified":"2024-07-27","mainEntityOfPage":"https:\/\/www.elasko.cz\/stavime-pasivni-dum\/","author":{"@type":"Person","@id":"https:\/\/www.elasko.cz\/author\/#Person","name":"","url":"https:\/\/www.elasko.cz\/author\/","identifier":1,"image":{"@type":"ImageObject","@id":"https:\/\/secure.gravatar.com\/avatar\/8ee00db67df6a380981db2e33f97d2fa79637c4880a83f2a0ac4c29b5bb179e1?s=96&d=mm&r=g","url":"https:\/\/secure.gravatar.com\/avatar\/8ee00db67df6a380981db2e33f97d2fa79637c4880a83f2a0ac4c29b5bb179e1?s=96&d=mm&r=g","height":96,"width":96}},"publisher":{"@type":"Organization","name":"elasko.cz","logo":{"@type":"ImageObject","@id":"\/logo.png","url":"\/logo.png","width":600,"height":60}},"image":{"@type":"ImageObject","@id":"https:\/\/www.elasko.cz\/wp-content\/uploads\/barrow-420728_640_3.jpg","url":"https:\/\/www.elasko.cz\/wp-content\/uploads\/barrow-420728_640_3.jpg","height":0,"width":0},"keywords":null}]}