[{"@context":"https:\/\/schema.org\/","@type":"Blog","@id":"https:\/\/www.elasko.cz#Blog","headline":"Elasko","description":"\nR\u00e1di byste si n\u011bkde p\u016fj\u010dili pen\u00edze? Jist\u011b, m\u016f\u017eete. Ale ur\u010dit\u011b byste nap\u0159ed m\u011bli zv\u00e1\u017eit sv\u00e9 mo\u017enosti a tak\u00e9 v\u0161echny klady a z\u00e1pory nab\u00edzen\u00fdch p\u016fj\u010dek.","url":"https:\/\/www.elasko.cz","hasPart":[{"@type":"Article","@id":"https:\/\/www.elasko.cz\/na-kvalitni-autoskla-jsme-my-spravnym-partnerem\/","headline":"Na kvalitn\u00ed autoskla jsme my spr\u00e1vn\u00fdm partnerem","url":"https:\/\/www.elasko.cz\/na-kvalitni-autoskla-jsme-my-spravnym-partnerem\/","datePublished":"2023-12-13","dateModified":"2023-12-13","mainEntityOfPage":"https:\/\/www.elasko.cz\/na-kvalitni-autoskla-jsme-my-spravnym-partnerem\/","author":{"@type":"Person","@id":"https:\/\/www.elasko.cz\/author\/#Person","name":"","url":"https:\/\/www.elasko.cz\/author\/","identifier":1,"image":{"@type":"ImageObject","@id":"https:\/\/secure.gravatar.com\/avatar\/8ee00db67df6a380981db2e33f97d2fa79637c4880a83f2a0ac4c29b5bb179e1?s=96&d=mm&r=g","url":"https:\/\/secure.gravatar.com\/avatar\/8ee00db67df6a380981db2e33f97d2fa79637c4880a83f2a0ac4c29b5bb179e1?s=96&d=mm&r=g","height":96,"width":96}},"publisher":{"@type":"Organization","name":"elasko.cz","logo":{"@type":"ImageObject","@id":"\/logo.png","url":"\/logo.png","width":600,"height":60}},"image":null,"wordCount":250,"keywords":null},{"@type":"Article","@id":"https:\/\/www.elasko.cz\/smysluplna-zabava\/","headline":"Smyslupln\u00e1 z\u00e1bava","url":"https:\/\/www.elasko.cz\/smysluplna-zabava\/","datePublished":"2023-11-13","dateModified":"2023-11-13","mainEntityOfPage":"https:\/\/www.elasko.cz\/smysluplna-zabava\/","author":{"@type":"Person","@id":"https:\/\/www.elasko.cz\/author\/#Person","name":"","url":"https:\/\/www.elasko.cz\/author\/","identifier":1,"image":{"@type":"ImageObject","@id":"https:\/\/secure.gravatar.com\/avatar\/8ee00db67df6a380981db2e33f97d2fa79637c4880a83f2a0ac4c29b5bb179e1?s=96&d=mm&r=g","url":"https:\/\/secure.gravatar.com\/avatar\/8ee00db67df6a380981db2e33f97d2fa79637c4880a83f2a0ac4c29b5bb179e1?s=96&d=mm&r=g","height":96,"width":96}},"publisher":{"@type":"Organization","name":"elasko.cz","logo":{"@type":"ImageObject","@id":"\/logo.png","url":"\/logo.png","width":600,"height":60}},"image":{"@type":"ImageObject","@id":"https:\/\/www.elasko.cz\/wp-content\/uploads\/tailoring-2575930_640.jpg","url":"https:\/\/www.elasko.cz\/wp-content\/uploads\/tailoring-2575930_640.jpg","height":0,"width":0},"wordCount":547,"keywords":null},{"@type":"Article","@id":"https:\/\/www.elasko.cz\/kvalitni-alternativni-napln\/","headline":"Kvalitn\u00ed alternativn\u00ed n\u00e1pl\u0148","url":"https:\/\/www.elasko.cz\/kvalitni-alternativni-napln\/","datePublished":"2023-11-05","dateModified":"2023-11-05","mainEntityOfPage":"https:\/\/www.elasko.cz\/kvalitni-alternativni-napln\/","author":{"@type":"Person","@id":"https:\/\/www.elasko.cz\/author\/#Person","name":"","url":"https:\/\/www.elasko.cz\/author\/","identifier":1,"image":{"@type":"ImageObject","@id":"https:\/\/secure.gravatar.com\/avatar\/8ee00db67df6a380981db2e33f97d2fa79637c4880a83f2a0ac4c29b5bb179e1?s=96&d=mm&r=g","url":"https:\/\/secure.gravatar.com\/avatar\/8ee00db67df6a380981db2e33f97d2fa79637c4880a83f2a0ac4c29b5bb179e1?s=96&d=mm&r=g","height":96,"width":96}},"publisher":{"@type":"Organization","name":"elasko.cz","logo":{"@type":"ImageObject","@id":"\/logo.png","url":"\/logo.png","width":600,"height":60}},"image":null,"wordCount":264,"keywords":null},{"@type":"Article","@id":"https:\/\/www.elasko.cz\/ruzne-stehovani\/","headline":"R\u016fzn\u00e9 st\u011bhov\u00e1n\u00ed.","url":"https:\/\/www.elasko.cz\/ruzne-stehovani\/","datePublished":"2023-10-23","dateModified":"2023-10-23","mainEntityOfPage":"https:\/\/www.elasko.cz\/ruzne-stehovani\/","author":{"@type":"Person","@id":"https:\/\/www.elasko.cz\/author\/#Person","name":"","url":"https:\/\/www.elasko.cz\/author\/","identifier":1,"image":{"@type":"ImageObject","@id":"https:\/\/secure.gravatar.com\/avatar\/8ee00db67df6a380981db2e33f97d2fa79637c4880a83f2a0ac4c29b5bb179e1?s=96&d=mm&r=g","url":"https:\/\/secure.gravatar.com\/avatar\/8ee00db67df6a380981db2e33f97d2fa79637c4880a83f2a0ac4c29b5bb179e1?s=96&d=mm&r=g","height":96,"width":96}},"publisher":{"@type":"Organization","name":"elasko.cz","logo":{"@type":"ImageObject","@id":"\/logo.png","url":"\/logo.png","width":600,"height":60}},"image":{"@type":"ImageObject","@id":"https:\/\/www.elasko.cz\/wp-content\/uploads\/pexels-anastasia-shuraeva-5495054.jpg","url":"https:\/\/www.elasko.cz\/wp-content\/uploads\/pexels-anastasia-shuraeva-5495054.jpg","height":0,"width":0},"wordCount":624,"keywords":null},{"@type":"Article","@id":"https:\/\/www.elasko.cz\/obdarujte-sve-blizke\/","headline":"Obdarujte sv\u00e9 bl\u00edzk\u00e9","url":"https:\/\/www.elasko.cz\/obdarujte-sve-blizke\/","datePublished":"2023-09-27","dateModified":"2023-09-27","mainEntityOfPage":"https:\/\/www.elasko.cz\/obdarujte-sve-blizke\/","author":{"@type":"Person","@id":"https:\/\/www.elasko.cz\/author\/#Person","name":"","url":"https:\/\/www.elasko.cz\/author\/","identifier":1,"image":{"@type":"ImageObject","@id":"https:\/\/secure.gravatar.com\/avatar\/8ee00db67df6a380981db2e33f97d2fa79637c4880a83f2a0ac4c29b5bb179e1?s=96&d=mm&r=g","url":"https:\/\/secure.gravatar.com\/avatar\/8ee00db67df6a380981db2e33f97d2fa79637c4880a83f2a0ac4c29b5bb179e1?s=96&d=mm&r=g","height":96,"width":96}},"publisher":{"@type":"Organization","name":"elasko.cz","logo":{"@type":"ImageObject","@id":"\/logo.png","url":"\/logo.png","width":600,"height":60}},"image":null,"wordCount":291,"keywords":null},{"@type":"Article","@id":"https:\/\/www.elasko.cz\/oprava-vyvazeni-prodej\/","headline":"Oprava, vyv\u00e1\u017een\u00ed, prodej","url":"https:\/\/www.elasko.cz\/oprava-vyvazeni-prodej\/","datePublished":"2023-08-22","dateModified":"2023-08-22","mainEntityOfPage":"https:\/\/www.elasko.cz\/oprava-vyvazeni-prodej\/","author":{"@type":"Person","@id":"https:\/\/www.elasko.cz\/author\/#Person","name":"","url":"https:\/\/www.elasko.cz\/author\/","identifier":1,"image":{"@type":"ImageObject","@id":"https:\/\/secure.gravatar.com\/avatar\/8ee00db67df6a380981db2e33f97d2fa79637c4880a83f2a0ac4c29b5bb179e1?s=96&d=mm&r=g","url":"https:\/\/secure.gravatar.com\/avatar\/8ee00db67df6a380981db2e33f97d2fa79637c4880a83f2a0ac4c29b5bb179e1?s=96&d=mm&r=g","height":96,"width":96}},"publisher":{"@type":"Organization","name":"elasko.cz","logo":{"@type":"ImageObject","@id":"\/logo.png","url":"\/logo.png","width":600,"height":60}},"image":null,"wordCount":311,"keywords":null},{"@type":"Article","@id":"https:\/\/www.elasko.cz\/sami-si-najdete-nejlepsi-misto\/","headline":"Sami si najdete nejlep\u0161\u00ed m\u00edsto","url":"https:\/\/www.elasko.cz\/sami-si-najdete-nejlepsi-misto\/","datePublished":"2023-07-13","dateModified":"2023-07-13","mainEntityOfPage":"https:\/\/www.elasko.cz\/sami-si-najdete-nejlepsi-misto\/","author":{"@type":"Person","@id":"https:\/\/www.elasko.cz\/author\/#Person","name":"","url":"https:\/\/www.elasko.cz\/author\/","identifier":1,"image":{"@type":"ImageObject","@id":"https:\/\/secure.gravatar.com\/avatar\/8ee00db67df6a380981db2e33f97d2fa79637c4880a83f2a0ac4c29b5bb179e1?s=96&d=mm&r=g","url":"https:\/\/secure.gravatar.com\/avatar\/8ee00db67df6a380981db2e33f97d2fa79637c4880a83f2a0ac4c29b5bb179e1?s=96&d=mm&r=g","height":96,"width":96}},"publisher":{"@type":"Organization","name":"elasko.cz","logo":{"@type":"ImageObject","@id":"\/logo.png","url":"\/logo.png","width":600,"height":60}},"image":null,"wordCount":284,"keywords":null},{"@type":"Article","@id":"https:\/\/www.elasko.cz\/nemusite-setrit-zaplatte-si-cast-vasi-letni-dovolene-jiz-ted\/","headline":"Nemus\u00edte \u0161et\u0159it, zapla\u0165te si \u010d\u00e1st Va\u0161\u00ed letn\u00ed dovolen\u00e9 ji\u017e te\u010f","url":"https:\/\/www.elasko.cz\/nemusite-setrit-zaplatte-si-cast-vasi-letni-dovolene-jiz-ted\/","datePublished":"2023-06-08","dateModified":"2024-06-09","mainEntityOfPage":"https:\/\/www.elasko.cz\/nemusite-setrit-zaplatte-si-cast-vasi-letni-dovolene-jiz-ted\/","author":{"@type":"Person","@id":"https:\/\/www.elasko.cz\/author\/#Person","name":"","url":"https:\/\/www.elasko.cz\/author\/","identifier":1,"image":{"@type":"ImageObject","@id":"https:\/\/secure.gravatar.com\/avatar\/8ee00db67df6a380981db2e33f97d2fa79637c4880a83f2a0ac4c29b5bb179e1?s=96&d=mm&r=g","url":"https:\/\/secure.gravatar.com\/avatar\/8ee00db67df6a380981db2e33f97d2fa79637c4880a83f2a0ac4c29b5bb179e1?s=96&d=mm&r=g","height":96,"width":96}},"publisher":{"@type":"Organization","name":"elasko.cz","logo":{"@type":"ImageObject","@id":"\/logo.png","url":"\/logo.png","width":600,"height":60}},"image":null,"wordCount":257,"keywords":null},{"@type":"Article","@id":"https:\/\/www.elasko.cz\/kniha-jako-skvely-darek\/","headline":"Kniha jako skv\u011bl\u00fd d\u00e1rek","url":"https:\/\/www.elasko.cz\/kniha-jako-skvely-darek\/","datePublished":"2023-05-09","dateModified":"2023-05-09","mainEntityOfPage":"https:\/\/www.elasko.cz\/kniha-jako-skvely-darek\/","author":{"@type":"Person","@id":"https:\/\/www.elasko.cz\/author\/#Person","name":"","url":"https:\/\/www.elasko.cz\/author\/","identifier":1,"image":{"@type":"ImageObject","@id":"https:\/\/secure.gravatar.com\/avatar\/8ee00db67df6a380981db2e33f97d2fa79637c4880a83f2a0ac4c29b5bb179e1?s=96&d=mm&r=g","url":"https:\/\/secure.gravatar.com\/avatar\/8ee00db67df6a380981db2e33f97d2fa79637c4880a83f2a0ac4c29b5bb179e1?s=96&d=mm&r=g","height":96,"width":96}},"publisher":{"@type":"Organization","name":"elasko.cz","logo":{"@type":"ImageObject","@id":"\/logo.png","url":"\/logo.png","width":600,"height":60}},"image":{"@type":"ImageObject","@id":"https:\/\/www.elasko.cz\/wp-content\/uploads\/img_a316354_w1901_t1527317411.jpg","url":"https:\/\/www.elasko.cz\/wp-content\/uploads\/img_a316354_w1901_t1527317411.jpg","height":0,"width":0},"wordCount":493,"keywords":null},{"@type":"Article","@id":"https:\/\/www.elasko.cz\/8-duvodu-proc-nema-cenu-udrzovat-vztah-s-tim-nepravym\/","headline":"8 d\u016fvodu, pro\u010d nem\u00e1 cenu udr\u017eovat vztah s t\u00edm neprav\u00fdm","url":"https:\/\/www.elasko.cz\/8-duvodu-proc-nema-cenu-udrzovat-vztah-s-tim-nepravym\/","datePublished":"2023-05-09","dateModified":"2023-05-09","mainEntityOfPage":"https:\/\/www.elasko.cz\/8-duvodu-proc-nema-cenu-udrzovat-vztah-s-tim-nepravym\/","author":{"@type":"Person","@id":"https:\/\/www.elasko.cz\/author\/#Person","name":"","url":"https:\/\/www.elasko.cz\/author\/","identifier":1,"image":{"@type":"ImageObject","@id":"https:\/\/secure.gravatar.com\/avatar\/8ee00db67df6a380981db2e33f97d2fa79637c4880a83f2a0ac4c29b5bb179e1?s=96&d=mm&r=g","url":"https:\/\/secure.gravatar.com\/avatar\/8ee00db67df6a380981db2e33f97d2fa79637c4880a83f2a0ac4c29b5bb179e1?s=96&d=mm&r=g","height":96,"width":96}},"publisher":{"@type":"Organization","name":"elasko.cz","logo":{"@type":"ImageObject","@id":"\/logo.png","url":"\/logo.png","width":600,"height":60}},"image":{"@type":"ImageObject","@id":"https:\/\/www.elasko.cz\/wp-content\/uploads\/img_a305933_w2104_t1517305228.jpg","url":"https:\/\/www.elasko.cz\/wp-content\/uploads\/img_a305933_w2104_t1517305228.jpg","height":0,"width":0},"wordCount":532,"keywords":null}]},{"@context":"https:\/\/schema.org","@type":"WebSite","@id":"https:\/\/www.elasko.cz\/#website","name":"Elasko","url":"https:\/\/www.elasko.cz","potentialAction":{"@type":"SearchAction","target":"https:\/\/www.elasko.cz\/?s={search_term_string}","query-input":"required name=search_term_string"}}]