[{"@context":"https:\/\/schema.org\/","@type":"Article","@id":"https:\/\/www.elasko.cz\/stavime-pasivni-dum\/#Article","mainEntityOfPage":"https:\/\/www.elasko.cz\/stavime-pasivni-dum\/","headline":"Stav\u00edme pasivn\u00ed d\u016fm","name":"Stav\u00edme pasivn\u00ed d\u016fm","description":"\u00daspora energie v r\u00e1mci \u017eivotn\u00edch n\u00e1klad\u016f je v sou\u010dasn\u00e9 dob\u011b t\u00e9ma, kter\u00e9 h\u00fdbe sv\u011btem. M\u016f\u017eete si toho pov\u0161imnout i kolem...","datePublished":"2024-07-27","dateModified":"2024-07-27","author":{"@type":"Person","@id":"https:\/\/www.elasko.cz\/author\/#Person","name":"","url":"https:\/\/www.elasko.cz\/author\/","identifier":1,"image":{"@type":"ImageObject","@id":"https:\/\/secure.gravatar.com\/avatar\/8ee00db67df6a380981db2e33f97d2fa79637c4880a83f2a0ac4c29b5bb179e1?s=96&d=mm&r=g","url":"https:\/\/secure.gravatar.com\/avatar\/8ee00db67df6a380981db2e33f97d2fa79637c4880a83f2a0ac4c29b5bb179e1?s=96&d=mm&r=g","height":96,"width":96}},"publisher":{"@type":"Organization","name":"elasko.cz","logo":{"@type":"ImageObject","@id":"\/logo.png","url":"\/logo.png","width":600,"height":60}},"image":{"@type":"ImageObject","@id":"https:\/\/www.elasko.cz\/wp-content\/uploads\/barrow-420728_640_3.jpg","url":"https:\/\/www.elasko.cz\/wp-content\/uploads\/barrow-420728_640_3.jpg","height":0,"width":0},"url":"https:\/\/www.elasko.cz\/stavime-pasivni-dum\/","about":["Neza\u0159azen\u00e9"],"wordCount":468,"articleBody":"       \u00daspora energie v r\u00e1mci \u017eivotn\u00edch n\u00e1klad\u016f je v sou\u010dasn\u00e9 dob\u011b t\u00e9ma, kter\u00e9 h\u00fdbe sv\u011btem. M\u016f\u017eete si toho pov\u0161imnout i kolem sebe \u2013 lid\u00e9 se aktivn\u011b zaj\u00edmaj\u00ed o alternativn\u00ed zdroje energie, instaluj\u00ed fotovoltaick\u00e9 panely, zbavuj\u00ed se vyt\u00e1p\u011bn\u00ed dom\u016f zemn\u00edm plynem a nahrazuj\u00ed jej tepeln\u00fdm \u010derpadlem nebo dokonce top\u00ed d\u0159evem v krbu s v\u00fdm\u011bn\u00edkem, a pr\u00e1v\u011b \u00faniky tepla jsou t\u00e9matem, kter\u00e9 p\u0159in\u00e1\u0161\u00ed nejv\u011bt\u0161\u00ed \u00faspory financ\u00ed do rodinn\u00e9ho rozpo\u010dtu.Toto t\u00e9ma se stalo obl\u00edben\u00fdm i v souladu se z\u00e1jmem o technologie v\u00fdstavby pasivn\u00edch dom\u016f z Ostravy. Jak si vlastn\u011b p\u0159edstavit takov\u00fd pasivn\u00ed d\u016fm, a co to tedy znamen\u00e1 pro v\u00e1s, jako\u017eto jeho obyvatele? Pasivn\u00ed d\u016fm je stavba, kter\u00e1 je co se t\u00fd\u010de financov\u00e1n\u00ed vyt\u00e1p\u011bn\u00ed, na tom nejl\u00e9pe ze v\u0161ech. Je zn\u00e1mo, \u017ee takov\u00e9 domy posta\u010d\u00ed v zim\u011b vyt\u00e1p\u011bt pouze po dobu n\u011bjak\u00fdch deseti a\u017e dvaceti dn\u016f, a po zbytek roku je tu topen\u00ed v podstat\u011b nevyu\u017eito. Jen si p\u0159edstavte takov\u00fd \u00fa\u010det za topen\u00ed a porovnejte jej s n\u011bk\u00fdm, kdo top\u00ed v dom\u011b zemn\u00edm plynem, kter\u00fd je nezateplen\u00fd a energeticky zcela ne\u00fasporn\u00fd, a plynov\u00fd kotel jede na pln\u00e9 obr\u00e1tky od listopadu do b\u0159ezna.Bydlen\u00ed v pasivn\u00edch domech v\u00e1m tak m\u016f\u017ee p\u0159ibl\u00ed\u017eit pobyt v subtropick\u00e9m p\u00e1smu, kde jsou zimy velmi m\u00edrn\u00e9, a domy nen\u00ed t\u0159eba vyt\u00e1p\u011bt prakticky v\u016fbec, nebo jen velmi sporadicky.Konstrukce pasivn\u00edho domu se op\u00edr\u00e1 o n\u011bkter\u00e9 technologick\u00e9 prvky, kter\u00e9 vyu\u017e\u00edvaj\u00ed energii Slunce \u010di teplo p\u0159ij\u00edman\u00e9 z venkovn\u00edho prost\u0159ed\u00ed, dob\u0159e se tu uplatn\u00ed sol\u00e1rn\u00ed kolektory jako sou\u010d\u00e1st fotovoltaiky, a tak\u00e9 rekuperace. Rekuperac\u00ed rozum\u00edme \u0159\u00edzen\u00e9 odv\u011btr\u00e1v\u00e1n\u00ed obytn\u00fdch prostor tak, \u017ee se teplo navrac\u00ed zp\u011bt do objektu, d\u016fle\u017eit\u00e9 je, aby byl d\u016fm co nejv\u00edce vzduchot\u011bsn\u00fd, a aby odv\u011btr\u00e1v\u00e1n\u00ed pracovalo spolehliv\u011b.A samotn\u00fd n\u00e1zev \u201epasivn\u00ed d\u016fm\u201c, odkud se vzal? Jde o pasivitu tepeln\u00fdch zdroj\u016f, to znamen\u00e1, \u017ee se p\u0159i udr\u017eov\u00e1n\u00ed pot\u0159ebn\u00e9ho tepla uvnit\u0159 objektu po\u010d\u00edt\u00e1 i s pasivn\u00edm teplem vyza\u0159ovan\u00fdm samotn\u00fdm \u010dlov\u011bkem (teplota lidsk\u00e9ho t\u011bla je 36,5 stupn\u011b Celsia), s pasivn\u00edm teplem od n\u011bkter\u00fdch dom\u00e1c\u00edch spot\u0159ebi\u010d\u016f, a s teplem p\u0159i p\u0159\u00edprav\u011b pokrm\u016f, a takt\u00e9\u017e s pasivn\u00edm teplem z pr\u016fniku slune\u010dn\u00edch paprsk\u016f do oken. Z\u00e1sadn\u00ed roli v tomto procesu hraje zejm\u00e9na velmi d\u016fkladn\u00e9 zateplen\u00ed obvodov\u00e9ho zdiva, podlah a st\u0159e\u0161n\u00ed konstrukce.                                                                                                                                                                                                                                                                                                                                                                                          5\/5 - (2 votes)        "},{"@context":"https:\/\/schema.org\/","@type":"BreadcrumbList","itemListElement":[{"@type":"ListItem","position":1,"name":"Stav\u00edme pasivn\u00ed d\u016fm","item":"https:\/\/www.elasko.cz\/stavime-pasivni-dum\/#breadcrumbitem"}]}]