[{"@context":"https:\/\/schema.org\/","@type":"Article","@id":"https:\/\/www.elasko.cz\/teplo-v-zime\/#Article","mainEntityOfPage":"https:\/\/www.elasko.cz\/teplo-v-zime\/","headline":"Teplo v zim\u011b","name":"Teplo v zim\u011b","description":"Jestli\u017ee se neradi vystavujete zimn\u00edmu po\u010das\u00ed a hled\u00e1te n\u011bjak\u00fd zp\u016fsob, kter\u00fd V\u00e1s zah\u0159eje na t\u011ble, potom v\u011b\u0159\u00edme, \u017ee je na\u0161e...","datePublished":"2024-10-14","dateModified":"2024-10-14","author":{"@type":"Person","@id":"https:\/\/www.elasko.cz\/author\/#Person","name":"","url":"https:\/\/www.elasko.cz\/author\/","identifier":1,"image":{"@type":"ImageObject","@id":"https:\/\/secure.gravatar.com\/avatar\/8ee00db67df6a380981db2e33f97d2fa79637c4880a83f2a0ac4c29b5bb179e1?s=96&d=mm&r=g","url":"https:\/\/secure.gravatar.com\/avatar\/8ee00db67df6a380981db2e33f97d2fa79637c4880a83f2a0ac4c29b5bb179e1?s=96&d=mm&r=g","height":96,"width":96}},"publisher":{"@type":"Organization","name":"elasko.cz","logo":{"@type":"ImageObject","@id":"\/logo.png","url":"\/logo.png","width":600,"height":60}},"url":"https:\/\/www.elasko.cz\/teplo-v-zime\/","wordCount":256,"articleBody":"Jestli\u017ee se neradi vystavujete zimn\u00edmu po\u010das\u00ed a hled\u00e1te n\u011bjak\u00fd zp\u016fsob, kter\u00fd V\u00e1s zah\u0159eje na t\u011ble, potom v\u011b\u0159\u00edme, \u017ee je na\u0161e infrasauna za\u0159\u00edzen\u00ed p\u0159esn\u011b pro V\u00e1s, proto pokud se chcete i v\u00a0zimn\u00edm obdob\u00ed trochu zah\u0159\u00e1t a zapomenout na to, \u017ee venku mrzne, pak si ur\u010dit\u011b prost\u0159ednictv\u00edm na\u0161eho e-shopu objednejte toto fantastick\u00e9 tepeln\u00e9 za\u0159\u00edzen\u00ed, kter\u00e9 si rozhodn\u011b zamilujete. Tyto produkty si m\u016f\u017eete tak\u00e9 vyzvednout osobn\u011b v\u00a0na\u0161em skladu, proto pokud se chcete na toto za\u0159\u00edzen\u00ed pod\u00edvat na vlastn\u00ed o\u010di, je\u0161t\u011b p\u0159edt\u00edm, ne\u017e n\u00e1m d\u00e1te pen\u00edze, pak nevid\u00edme jedin\u00fd probl\u00e9m v\u00a0tom, kdy\u017e se na V\u00e1mi kupovan\u00e9 zbo\u017e\u00ed p\u0159edem kouknete a p\u0159esv\u011bd\u010d\u00edte se, \u017ee p\u0159esn\u011b toto chcete.\tCenov\u011b p\u0159ijateln\u00e1 nab\u00eddkaInfrasauna nemus\u00ed b\u00fdt v\u017edy levn\u00e1 z\u00e1le\u017eitost, proto si mus\u00edte vybrat prodejce, kter\u00fd V\u00e1m nab\u00eddne tu nejlevn\u011bj\u0161\u00ed mo\u017enou nab\u00eddku, ale i p\u0159es tuto levnou cenu V\u00e1m dod\u00e1 to nejkvalitn\u011bj\u0161\u00ed tepeln\u00e9 za\u0159\u00edzen\u00ed. Ne v\u017edy je jednoduch\u00e9 narazit na spole\u010dnost, kter\u00e1 spl\u0148uje tato dv\u011b krit\u00e9ria, ale u n\u00e1s se rozhodn\u011b setk\u00e1te s\u00a0kvalitou za n\u00edzkou cenu, proto pokud chcete chyt\u0159e investovat do tohoto za\u0159\u00edzen\u00ed, pak se n\u00e1m ur\u010dit\u011b ozvete a my u\u017e se s\u00a0V\u00e1mi na v\u0161em ur\u010dit\u011b dohodneme.                                                                                                                                                                                                                                                                                                                                                                                        3.5\/5 - (4 votes)        "},{"@context":"https:\/\/schema.org\/","@type":"BreadcrumbList","itemListElement":[{"@type":"ListItem","position":1,"name":"Teplo v zim\u011b","item":"https:\/\/www.elasko.cz\/teplo-v-zime\/#breadcrumbitem"}]}]